{"id":666,"date":"2020-07-11T23:48:28","date_gmt":"2020-07-12T02:48:28","guid":{"rendered":"http:\/\/laragricola.com.br\/?p=666"},"modified":"2020-07-11T23:49:22","modified_gmt":"2020-07-12T02:49:22","slug":"afesu-moinho","status":"publish","type":"post","link":"https:\/\/laragricola.com.br\/index.php\/2020\/07\/11\/afesu-moinho\/","title":{"rendered":"AFESU &#8211; MOINHO"},"content":{"rendered":"\n<figure class=\"wp-block-image size-large\"><img loading=\"lazy\" decoding=\"async\" width=\"1024\" height=\"1024\" src=\"http:\/\/laragricola.com.br\/wp-content\/uploads\/2020\/07\/IMG_20200711_224707_822-1024x1024.jpg\" alt=\"\" class=\"wp-image-665\" srcset=\"https:\/\/laragricola.com.br\/wp-content\/uploads\/2020\/07\/IMG_20200711_224707_822-1024x1024.jpg 1024w, https:\/\/laragricola.com.br\/wp-content\/uploads\/2020\/07\/IMG_20200711_224707_822-300x300.jpg 300w, https:\/\/laragricola.com.br\/wp-content\/uploads\/2020\/07\/IMG_20200711_224707_822-150x150.jpg 150w, https:\/\/laragricola.com.br\/wp-content\/uploads\/2020\/07\/IMG_20200711_224707_822-768x768.jpg 768w, https:\/\/laragricola.com.br\/wp-content\/uploads\/2020\/07\/IMG_20200711_224707_822.jpg 1080w\" sizes=\"(max-width: 1024px) 100vw, 1024px\" \/><figcaption>Arte: L\u00edgia (Volunt\u00e1ria)<\/figcaption><\/figure>\n\n\n\n<p>Resgatar crian\u00e7as, proteg\u00ea-las e fazer valer seus direitos e um \u00e1rduo trabalho, por\u00e9m, muito gratificante. Todavia, n\u00f3s n\u00e3o poderemos faz\u00ea-los sozinhos. Precisamos de pessoas que compartilhem dos mesmos ideais e acreditam que \u00e9 poss\u00edvel mudar o mundo investindo nas crian\u00e7as.<\/p>\n\n\n\n<p>Queremos agradecer a AFESU Unidade Moinho (@afesumoinho) pela Doa\u00e7\u00e3o de 20 cobertores, que ir\u00e1 proporcionar noites mais quentinhas \u00e0s nossas crian\u00e7as e adolescentes.<\/p>\n\n\n\n<p>Gestos como o de voc\u00eas nos levam a acreditar na humanidade e tamb\u00e9m o que nos dar melhores condi\u00e7\u00f5es de atender nossas crian\u00e7as, &#8220;NOSSO MUlTO OBRIGADO&#8221;.<\/p>\n\n\n\n<p>Siga: @laragricola<\/p>\n","protected":false},"excerpt":{"rendered":"<p>Resgatar crian\u00e7as, proteg\u00ea-las e fazer valer seus direitos e um \u00e1rduo trabalho, [&hellip;]<\/p>\n","protected":false},"author":1,"featured_media":0,"comment_status":"open","ping_status":"open","sticky":false,"template":"","format":"standard","meta":{"footnotes":""},"categories":[17],"tags":[],"_links":{"self":[{"href":"https:\/\/laragricola.com.br\/index.php\/wp-json\/wp\/v2\/posts\/666"}],"collection":[{"href":"https:\/\/laragricola.com.br\/index.php\/wp-json\/wp\/v2\/posts"}],"about":[{"href":"https:\/\/laragricola.com.br\/index.php\/wp-json\/wp\/v2\/types\/post"}],"author":[{"embeddable":true,"href":"https:\/\/laragricola.com.br\/index.php\/wp-json\/wp\/v2\/users\/1"}],"replies":[{"embeddable":true,"href":"https:\/\/laragricola.com.br\/index.php\/wp-json\/wp\/v2\/comments?post=666"}],"version-history":[{"count":1,"href":"https:\/\/laragricola.com.br\/index.php\/wp-json\/wp\/v2\/posts\/666\/revisions"}],"predecessor-version":[{"id":667,"href":"https:\/\/laragricola.com.br\/index.php\/wp-json\/wp\/v2\/posts\/666\/revisions\/667"}],"wp:attachment":[{"href":"https:\/\/laragricola.com.br\/index.php\/wp-json\/wp\/v2\/media?parent=666"}],"wp:term":[{"taxonomy":"category","embeddable":true,"href":"https:\/\/laragricola.com.br\/index.php\/wp-json\/wp\/v2\/categories?post=666"},{"taxonomy":"post_tag","embeddable":true,"href":"https:\/\/laragricola.com.br\/index.php\/wp-json\/wp\/v2\/tags?post=666"}],"curies":[{"name":"wp","href":"https:\/\/api.w.org\/{rel}","templated":true}]}}