{"id":720,"date":"2021-08-28T13:05:20","date_gmt":"2021-08-28T16:05:20","guid":{"rendered":"http:\/\/laragricola.com.br\/?p=720"},"modified":"2024-08-15T15:15:32","modified_gmt":"2024-08-15T18:15:32","slug":"dia-do-voluntario","status":"publish","type":"post","link":"https:\/\/laragricola.com.br\/index.php\/2021\/08\/28\/dia-do-voluntario\/","title":{"rendered":"DIA DO VOLUNT\u00c1RIO"},"content":{"rendered":"\n<figure class=\"wp-block-gallery has-nested-images columns-default is-cropped wp-block-gallery-1 is-layout-flex wp-block-gallery-is-layout-flex\">\n<figure class=\"wp-block-image size-large\"><img loading=\"lazy\" decoding=\"async\" width=\"1024\" height=\"1024\" data-id=\"721\" src=\"http:\/\/laragricola.com.br\/wp-content\/uploads\/2021\/08\/FB_IMG_1630165642440-1024x1024.jpg\" alt=\"\" class=\"wp-image-721\" srcset=\"https:\/\/laragricola.com.br\/wp-content\/uploads\/2021\/08\/FB_IMG_1630165642440-1024x1024.jpg 1024w, https:\/\/laragricola.com.br\/wp-content\/uploads\/2021\/08\/FB_IMG_1630165642440-300x300.jpg 300w, https:\/\/laragricola.com.br\/wp-content\/uploads\/2021\/08\/FB_IMG_1630165642440-150x150.jpg 150w, https:\/\/laragricola.com.br\/wp-content\/uploads\/2021\/08\/FB_IMG_1630165642440-768x768.jpg 768w, https:\/\/laragricola.com.br\/wp-content\/uploads\/2021\/08\/FB_IMG_1630165642440.jpg 1080w\" sizes=\"(max-width: 1024px) 100vw, 1024px\" \/><\/figure>\n<\/figure>\n\n\n\n<p>Hoje \u00e9 o dia deles que n\u00e3o medem esfor\u00e7os para nos auxiliar. E com grande admira\u00e7\u00e3o, o Lar Agr\u00edcola reconhece que tem os melhores.N\u00f3s agradecemos a cada um de nossos Volunt\u00e1rios pelo tempo dedicado \u00e0s nossas crian\u00e7as.Que o Deus em sua infinita bondade retribua em dobro.Siga mas redes: @laragricola<\/p>\n","protected":false},"excerpt":{"rendered":"<p>Hoje \u00e9 o dia deles que n\u00e3o medem esfor\u00e7os para nos auxiliar. [&hellip;]<\/p>\n","protected":false},"author":1,"featured_media":0,"comment_status":"open","ping_status":"open","sticky":false,"template":"","format":"standard","meta":{"footnotes":""},"categories":[17],"tags":[],"_links":{"self":[{"href":"https:\/\/laragricola.com.br\/index.php\/wp-json\/wp\/v2\/posts\/720"}],"collection":[{"href":"https:\/\/laragricola.com.br\/index.php\/wp-json\/wp\/v2\/posts"}],"about":[{"href":"https:\/\/laragricola.com.br\/index.php\/wp-json\/wp\/v2\/types\/post"}],"author":[{"embeddable":true,"href":"https:\/\/laragricola.com.br\/index.php\/wp-json\/wp\/v2\/users\/1"}],"replies":[{"embeddable":true,"href":"https:\/\/laragricola.com.br\/index.php\/wp-json\/wp\/v2\/comments?post=720"}],"version-history":[{"count":2,"href":"https:\/\/laragricola.com.br\/index.php\/wp-json\/wp\/v2\/posts\/720\/revisions"}],"predecessor-version":[{"id":941,"href":"https:\/\/laragricola.com.br\/index.php\/wp-json\/wp\/v2\/posts\/720\/revisions\/941"}],"wp:attachment":[{"href":"https:\/\/laragricola.com.br\/index.php\/wp-json\/wp\/v2\/media?parent=720"}],"wp:term":[{"taxonomy":"category","embeddable":true,"href":"https:\/\/laragricola.com.br\/index.php\/wp-json\/wp\/v2\/categories?post=720"},{"taxonomy":"post_tag","embeddable":true,"href":"https:\/\/laragricola.com.br\/index.php\/wp-json\/wp\/v2\/tags?post=720"}],"curies":[{"name":"wp","href":"https:\/\/api.w.org\/{rel}","templated":true}]}}