{"id":725,"date":"2021-10-24T12:31:16","date_gmt":"2021-10-24T15:31:16","guid":{"rendered":"http:\/\/laragricola.com.br\/?p=725"},"modified":"2021-10-24T12:31:16","modified_gmt":"2021-10-24T15:31:16","slug":"lar-agricola","status":"publish","type":"post","link":"https:\/\/laragricola.com.br\/index.php\/2021\/10\/24\/lar-agricola\/","title":{"rendered":"LAR AGR\u00cdCOLA"},"content":{"rendered":"\n<figure class=\"wp-block-image size-large\"><img loading=\"lazy\" decoding=\"async\" width=\"1024\" height=\"768\" src=\"http:\/\/laragricola.com.br\/wp-content\/uploads\/2021\/10\/IMG_20211024_114421_861-1024x768.jpg\" alt=\"\" class=\"wp-image-726\" srcset=\"https:\/\/laragricola.com.br\/wp-content\/uploads\/2021\/10\/IMG_20211024_114421_861-1024x768.jpg 1024w, https:\/\/laragricola.com.br\/wp-content\/uploads\/2021\/10\/IMG_20211024_114421_861-300x225.jpg 300w, https:\/\/laragricola.com.br\/wp-content\/uploads\/2021\/10\/IMG_20211024_114421_861-768x576.jpg 768w, https:\/\/laragricola.com.br\/wp-content\/uploads\/2021\/10\/IMG_20211024_114421_861-1536x1152.jpg 1536w, https:\/\/laragricola.com.br\/wp-content\/uploads\/2021\/10\/IMG_20211024_114421_861-2048x1536.jpg 2048w\" sizes=\"(max-width: 1024px) 100vw, 1024px\" \/><\/figure>\n\n\n\n<p>Lar Agr\u00edcola (@laragricola) institui\u00e7\u00e3o de acolhimento institucional existente desde 1970 e garantindo os direitos das crian\u00e7as e adolescentes de Cotia.<\/p>\n","protected":false},"excerpt":{"rendered":"<p>Lar Agr\u00edcola (@laragricola) institui\u00e7\u00e3o de acolhimento institucional existente desde 1970 e garantindo [&hellip;]<\/p>\n","protected":false},"author":1,"featured_media":0,"comment_status":"open","ping_status":"open","sticky":false,"template":"","format":"standard","meta":{"footnotes":""},"categories":[25],"tags":[],"_links":{"self":[{"href":"https:\/\/laragricola.com.br\/index.php\/wp-json\/wp\/v2\/posts\/725"}],"collection":[{"href":"https:\/\/laragricola.com.br\/index.php\/wp-json\/wp\/v2\/posts"}],"about":[{"href":"https:\/\/laragricola.com.br\/index.php\/wp-json\/wp\/v2\/types\/post"}],"author":[{"embeddable":true,"href":"https:\/\/laragricola.com.br\/index.php\/wp-json\/wp\/v2\/users\/1"}],"replies":[{"embeddable":true,"href":"https:\/\/laragricola.com.br\/index.php\/wp-json\/wp\/v2\/comments?post=725"}],"version-history":[{"count":1,"href":"https:\/\/laragricola.com.br\/index.php\/wp-json\/wp\/v2\/posts\/725\/revisions"}],"predecessor-version":[{"id":727,"href":"https:\/\/laragricola.com.br\/index.php\/wp-json\/wp\/v2\/posts\/725\/revisions\/727"}],"wp:attachment":[{"href":"https:\/\/laragricola.com.br\/index.php\/wp-json\/wp\/v2\/media?parent=725"}],"wp:term":[{"taxonomy":"category","embeddable":true,"href":"https:\/\/laragricola.com.br\/index.php\/wp-json\/wp\/v2\/categories?post=725"},{"taxonomy":"post_tag","embeddable":true,"href":"https:\/\/laragricola.com.br\/index.php\/wp-json\/wp\/v2\/tags?post=725"}],"curies":[{"name":"wp","href":"https:\/\/api.w.org\/{rel}","templated":true}]}}