{"id":730,"date":"2021-11-16T00:13:22","date_gmt":"2021-11-16T03:13:22","guid":{"rendered":"http:\/\/laragricola.com.br\/?p=730"},"modified":"2024-08-15T15:16:31","modified_gmt":"2024-08-15T18:16:31","slug":"decimo-terceiro-2021","status":"publish","type":"post","link":"https:\/\/laragricola.com.br\/index.php\/2021\/11\/16\/decimo-terceiro-2021\/","title":{"rendered":"D\u00c9CIMO TERCEIRO 2021"},"content":{"rendered":"\n<figure class=\"wp-block-image size-large\"><img loading=\"lazy\" decoding=\"async\" width=\"1024\" height=\"1024\" src=\"http:\/\/laragricola.com.br\/wp-content\/uploads\/2021\/11\/20211115_232224_0000-1024x1024.png\" alt=\"\" class=\"wp-image-731\" srcset=\"https:\/\/laragricola.com.br\/wp-content\/uploads\/2021\/11\/20211115_232224_0000-1024x1024.png 1024w, https:\/\/laragricola.com.br\/wp-content\/uploads\/2021\/11\/20211115_232224_0000-300x300.png 300w, https:\/\/laragricola.com.br\/wp-content\/uploads\/2021\/11\/20211115_232224_0000-150x150.png 150w, https:\/\/laragricola.com.br\/wp-content\/uploads\/2021\/11\/20211115_232224_0000-768x768.png 768w, https:\/\/laragricola.com.br\/wp-content\/uploads\/2021\/11\/20211115_232224_0000.png 1080w\" sizes=\"(max-width: 1024px) 100vw, 1024px\" \/><\/figure>\n\n\n\n<p>Precisamos de 200 pessoas que possam fazer uma doa\u00e7\u00e3o no valor de R$ 200,00 para cumprir com a nossa obriga\u00e7\u00e3o de pagar os 13\u00ba de nossos colaboradores.<br>Raz\u00e3o social: Lar Escola Agr\u00edcola A Semente<br>CNPJ \/ PIX: 50.521.475\/0001-0<br>Bradesco<br>Ag: 0160 C\/C 023487-7<br>Banco do Brasil<br>Ag: 0916-4 C\/C 40.607-4<\/p>\n","protected":false},"excerpt":{"rendered":"<p>Precisamos de 200 pessoas que possam fazer uma doa\u00e7\u00e3o no valor de [&hellip;]<\/p>\n","protected":false},"author":1,"featured_media":0,"comment_status":"open","ping_status":"open","sticky":false,"template":"","format":"standard","meta":{"footnotes":""},"categories":[60],"tags":[82,80,81,79,68],"_links":{"self":[{"href":"https:\/\/laragricola.com.br\/index.php\/wp-json\/wp\/v2\/posts\/730"}],"collection":[{"href":"https:\/\/laragricola.com.br\/index.php\/wp-json\/wp\/v2\/posts"}],"about":[{"href":"https:\/\/laragricola.com.br\/index.php\/wp-json\/wp\/v2\/types\/post"}],"author":[{"embeddable":true,"href":"https:\/\/laragricola.com.br\/index.php\/wp-json\/wp\/v2\/users\/1"}],"replies":[{"embeddable":true,"href":"https:\/\/laragricola.com.br\/index.php\/wp-json\/wp\/v2\/comments?post=730"}],"version-history":[{"count":2,"href":"https:\/\/laragricola.com.br\/index.php\/wp-json\/wp\/v2\/posts\/730\/revisions"}],"predecessor-version":[{"id":942,"href":"https:\/\/laragricola.com.br\/index.php\/wp-json\/wp\/v2\/posts\/730\/revisions\/942"}],"wp:attachment":[{"href":"https:\/\/laragricola.com.br\/index.php\/wp-json\/wp\/v2\/media?parent=730"}],"wp:term":[{"taxonomy":"category","embeddable":true,"href":"https:\/\/laragricola.com.br\/index.php\/wp-json\/wp\/v2\/categories?post=730"},{"taxonomy":"post_tag","embeddable":true,"href":"https:\/\/laragricola.com.br\/index.php\/wp-json\/wp\/v2\/tags?post=730"}],"curies":[{"name":"wp","href":"https:\/\/api.w.org\/{rel}","templated":true}]}}