{"id":902,"date":"2022-06-07T20:19:14","date_gmt":"2022-06-07T23:19:14","guid":{"rendered":"http:\/\/laragricola.com.br\/?p=902"},"modified":"2024-08-15T15:26:42","modified_gmt":"2024-08-15T18:26:42","slug":"empresas","status":"publish","type":"post","link":"https:\/\/laragricola.com.br\/index.php\/2022\/06\/07\/empresas\/","title":{"rendered":"ESTAMOS CADASTRANDO EMPRESAS DA CONSTRU\u00c7\u00c3O CIVIL"},"content":{"rendered":"\n<figure class=\"wp-block-image size-large is-resized\"><img loading=\"lazy\" decoding=\"async\" src=\"http:\/\/laragricola.com.br\/wp-content\/uploads\/2022\/06\/20220607_201634_0000-1024x1024.png\" alt=\"\" class=\"wp-image-903\" width=\"512\" height=\"512\" srcset=\"https:\/\/laragricola.com.br\/wp-content\/uploads\/2022\/06\/20220607_201634_0000-1024x1024.png 1024w, https:\/\/laragricola.com.br\/wp-content\/uploads\/2022\/06\/20220607_201634_0000-300x300.png 300w, https:\/\/laragricola.com.br\/wp-content\/uploads\/2022\/06\/20220607_201634_0000-150x150.png 150w, https:\/\/laragricola.com.br\/wp-content\/uploads\/2022\/06\/20220607_201634_0000-768x768.png 768w, https:\/\/laragricola.com.br\/wp-content\/uploads\/2022\/06\/20220607_201634_0000.png 1080w\" sizes=\"(max-width: 512px) 100vw, 512px\" \/><\/figure>\n\n\n\n<p class=\"has-medium-font-size\">Se voc\u00ea tem uma empresa de constru\u00e7\u00e3o civil, cadastre-se em nossa institui\u00e7\u00e3o para participar de sele\u00e7\u00e3o para constru\u00e7\u00e3o e reformas da institui\u00e7\u00e3o.<\/p>\n\n\n\n<p class=\"has-medium-font-size\">Acesse o link: <a href=\"https:\/\/app.pipefy.com\/public\/form\/qJZFWyFo\" target=\"_blank\" rel=\"noreferrer noopener\">https:\/\/app.pipefy.com\/public\/form\/qJZFWyFo<\/a><\/p>\n","protected":false},"excerpt":{"rendered":"<p>Se voc\u00ea tem uma empresa de constru\u00e7\u00e3o civil, cadastre-se em nossa institui\u00e7\u00e3o [&hellip;]<\/p>\n","protected":false},"author":1,"featured_media":0,"comment_status":"open","ping_status":"open","sticky":false,"template":"","format":"standard","meta":{"footnotes":""},"categories":[60],"tags":[],"_links":{"self":[{"href":"https:\/\/laragricola.com.br\/index.php\/wp-json\/wp\/v2\/posts\/902"}],"collection":[{"href":"https:\/\/laragricola.com.br\/index.php\/wp-json\/wp\/v2\/posts"}],"about":[{"href":"https:\/\/laragricola.com.br\/index.php\/wp-json\/wp\/v2\/types\/post"}],"author":[{"embeddable":true,"href":"https:\/\/laragricola.com.br\/index.php\/wp-json\/wp\/v2\/users\/1"}],"replies":[{"embeddable":true,"href":"https:\/\/laragricola.com.br\/index.php\/wp-json\/wp\/v2\/comments?post=902"}],"version-history":[{"count":5,"href":"https:\/\/laragricola.com.br\/index.php\/wp-json\/wp\/v2\/posts\/902\/revisions"}],"predecessor-version":[{"id":952,"href":"https:\/\/laragricola.com.br\/index.php\/wp-json\/wp\/v2\/posts\/902\/revisions\/952"}],"wp:attachment":[{"href":"https:\/\/laragricola.com.br\/index.php\/wp-json\/wp\/v2\/media?parent=902"}],"wp:term":[{"taxonomy":"category","embeddable":true,"href":"https:\/\/laragricola.com.br\/index.php\/wp-json\/wp\/v2\/categories?post=902"},{"taxonomy":"post_tag","embeddable":true,"href":"https:\/\/laragricola.com.br\/index.php\/wp-json\/wp\/v2\/tags?post=902"}],"curies":[{"name":"wp","href":"https:\/\/api.w.org\/{rel}","templated":true}]}}